{"id":175,"date":"2014-06-19T09:40:00","date_gmt":"2014-06-19T07:40:00","guid":{"rendered":"http:\/\/www.tsv-reh.de\/?p=175"},"modified":"2014-06-19T09:40:00","modified_gmt":"2014-06-19T07:40:00","slug":"satzungsaenderung-von-der-jhv-beschlossen","status":"publish","type":"post","link":"https:\/\/www.tsv-reh.de\/?p=175","title":{"rendered":"Satzungs\u00e4nderung von der JHV beschlossen"},"content":{"rendered":"<p><a href=\"https:\/\/i0.wp.com\/tsv-germania-hohenlimburg-reh-1894-e-v.online.de\/TSVneu\/wp-content\/uploads\/2014\/06\/20140619-093906-34746585.jpg\"><img data-recalc-dims=\"1\" decoding=\"async\" src=\"https:\/\/i0.wp.com\/tsv-germania-hohenlimburg-reh-1894-e-v.online.de\/TSVneu\/wp-content\/uploads\/2014\/06\/20140619-093906-34746585.jpg\" alt=\"20140619-093906-34746585.jpg\" class=\"alignnone size-full\" \/><\/a><\/p>\n<p>Harmonische Jahreshauptversammlung im Zehner-Treff. Heinz-Otto B\u00f6ringer als 2. Vorsitzender wiedergew\u00e4hlt<br \/>\nVon Heinz-Werner Schroth<br \/>\nHohenlimburg. Die diesj\u00e4hrige Jahreshauptversammlung des TSV Germania Reh lief minuti\u00f6s wie ein Uhrwerk ab. Der 2. Vorsitzende Heinz-Otto B\u00f6ringer leitete die Sitzung straff und mit dem von ihm gewohnten Humor. Und der Andrang im \u201eZehner-Treff\u201c war gro\u00df, galt es unter anderem doch, \u00c4nderung in der Satzung zu diskutieren und zu beschlie\u00dfen.<\/p>\n<p>Im Vorfeld ist der TSV-Vorstand bereits neue Wege gegangen und lie\u00df sich Anfang des Jahres beim Landessportbund NRW beraten. Bei diesem Termin wurde der gesamte Vereinsablauf durchleuchtet \u2013 von der Satzung bis hin zur Mitgliederverwaltung wurde alles auf den Pr\u00fcfstand gestellt. Heraus kam eine fast neue Formulierung der einzelnen Paragrafen und ihrer Aussagen. Klar, dass nun Diskussionsbedarf bestand.<\/p>\n<p>Offenbar \u00fcberzeugte die Neugestaltung die anwesenden Mitglieder aber, denn die vom Vorstand erarbeiteten Satzung wurde einstimmig abgesegnet.<\/p>\n<p>Mehr Vielfalt im Vereinsleben<br \/>\nUm f\u00fcr noch mehr Vielfalt im Vereinsleben zu sorgen, wurden zwei neue Gruppen beim TSV aufgenommen: Die Mutter\/Kind- und die Nordic-Walking-Gruppe. Au\u00dferdem verwiesen die Verantwortlich auf die kommenden H\u00f6hepunkte im Jahresprogramm: Am 31. August treffen sich die Reher zu einer Fahrradtour, am 31. Oktober wird bei der \u201eReher Nacht\u201c ausgiebig gefeiert.<\/p>\n<p>Nach der Entlastung des Vorstandes standen die Wahlen auf der Tagesordnung. Wie kaum anders zu erwarten, blieb alles beim Alten: Die Anwesenden belohnten die gute Arbeit Heinz-Otto \u201e\u00d6tte\u201c B\u00f6ringers und best\u00e4tigten ihn einstimmig im Amt. Eine sehr harmonische Jahreshauptversammlung endete letztlich fr\u00f6hlich und mit viel Gel\u00e4chter.<\/p>\n","protected":false},"excerpt":{"rendered":"<p>Harmonische Jahreshauptversammlung im Zehner-Treff. Heinz-Otto B\u00f6ringer als 2. Vorsitzender wiedergew\u00e4hlt Von Heinz-Werner Schroth Hohenlimburg. Die diesj\u00e4hrige Jahreshauptversammlung des TSV Germania Reh lief minuti\u00f6s wie ein Uhrwerk ab. Der 2. Vorsitzende Heinz-Otto B\u00f6ringer leitete die&#46;&#46;&#46;<\/p>\n","protected":false},"author":1,"featured_media":174,"comment_status":"closed","ping_status":"open","sticky":false,"template":"","format":"standard","meta":{"_jetpack_memberships_contains_paid_content":false,"footnotes":"","jetpack_publicize_message":"","jetpack_publicize_feature_enabled":true,"jetpack_social_post_already_shared":true,"jetpack_social_options":{"image_generator_settings":{"template":"highway","default_image_id":0,"font":"","enabled":false},"version":2}},"categories":[1],"tags":[],"class_list":["post-175","post","type-post","status-publish","format-standard","has-post-thumbnail","hentry","category-allgemein"],"jetpack_publicize_connections":[],"jetpack_featured_media_url":"https:\/\/i0.wp.com\/www.tsv-reh.de\/wp-content\/uploads\/2014\/06\/20140619-093919-34759517.jpg?fit=1024%2C379&ssl=1","jetpack_shortlink":"https:\/\/wp.me\/p8WhUB-2P","jetpack_sharing_enabled":true,"_links":{"self":[{"href":"https:\/\/www.tsv-reh.de\/index.php?rest_route=\/wp\/v2\/posts\/175","targetHints":{"allow":["GET"]}}],"collection":[{"href":"https:\/\/www.tsv-reh.de\/index.php?rest_route=\/wp\/v2\/posts"}],"about":[{"href":"https:\/\/www.tsv-reh.de\/index.php?rest_route=\/wp\/v2\/types\/post"}],"author":[{"embeddable":true,"href":"https:\/\/www.tsv-reh.de\/index.php?rest_route=\/wp\/v2\/users\/1"}],"replies":[{"embeddable":true,"href":"https:\/\/www.tsv-reh.de\/index.php?rest_route=%2Fwp%2Fv2%2Fcomments&post=175"}],"version-history":[{"count":1,"href":"https:\/\/www.tsv-reh.de\/index.php?rest_route=\/wp\/v2\/posts\/175\/revisions"}],"predecessor-version":[{"id":176,"href":"https:\/\/www.tsv-reh.de\/index.php?rest_route=\/wp\/v2\/posts\/175\/revisions\/176"}],"wp:featuredmedia":[{"embeddable":true,"href":"https:\/\/www.tsv-reh.de\/index.php?rest_route=\/wp\/v2\/media\/174"}],"wp:attachment":[{"href":"https:\/\/www.tsv-reh.de\/index.php?rest_route=%2Fwp%2Fv2%2Fmedia&parent=175"}],"wp:term":[{"taxonomy":"category","embeddable":true,"href":"https:\/\/www.tsv-reh.de\/index.php?rest_route=%2Fwp%2Fv2%2Fcategories&post=175"},{"taxonomy":"post_tag","embeddable":true,"href":"https:\/\/www.tsv-reh.de\/index.php?rest_route=%2Fwp%2Fv2%2Ftags&post=175"}],"curies":[{"name":"wp","href":"https:\/\/api.w.org\/{rel}","templated":true}]}}