{"id":228,"date":"2015-03-29T16:20:34","date_gmt":"2015-03-29T14:20:34","guid":{"rendered":"http:\/\/www.tsv-reh.de\/?p=228"},"modified":"2015-03-29T16:20:34","modified_gmt":"2015-03-29T14:20:34","slug":"jhv-2015-neue-abteilungen-beleben-vereinswelt-des-tsv-germania-reh","status":"publish","type":"post","link":"https:\/\/www.tsv-reh.de\/?p=228","title":{"rendered":"JHV 2015:\u00a0Neue Abteilungen beleben Vereinswelt des TSV Germania Reh"},"content":{"rendered":"<div class=\"title\" style=\"font-weight: bold; margin-top: 0.6em;\"><\/div>\n<div class=\"subtitle\" style=\"font-weight: bold; margin-top: 0.8em;\"><span style=\"line-height: normal; -webkit-text-size-adjust: auto; background-color: rgba(255, 255, 255, 0);\">Jahreshauptversammlung im Zehner Treff. Mutter-Kind-Gruppe hat sich gut etabliert. Jonny Richter weiter Vorsitzender<\/span><\/div>\n<div class=\"maincontent\" style=\"margin-top: 1.2em;\"><autorenzeile style=\"font-style: italic; display: inline-block; width: 675.84375px; margin-bottom: 1em; line-height: normal; -webkit-text-size-adjust: auto; background-color: rgba(255, 255, 255, 0);\">Von&nbsp;<autor>Lutz Risse<\/autor><\/autorenzeile><\/p>\n<p style=\"margin-right: 0px; margin-bottom: 1.2em; margin-left: 0px; padding: 0px;\"><span style=\"line-height: normal; -webkit-text-size-adjust: auto; background-color: rgba(255, 255, 255, 0);\"><b>Reh.&nbsp;<\/b>Viel zu tun gab es im abgelaufenen Gesch\u00e4ftsjahr beim TSV Germania Reh, Tr\u00e4gerverein der HSG Hohenlimburg. Das erlebten bzw. erfuhren die Mitglieder bei der Jahreshauptversammlung im Zehner Treff.<\/span><\/p>\n<p style=\"margin-right: 0px; margin-bottom: 1.2em; margin-left: 0px; padding: 0px;\"><span style=\"line-height: normal; -webkit-text-size-adjust: auto; background-color: rgba(255, 255, 255, 0);\">Zun\u00e4chst durften Vorsitzender Jonny Richter und Gesch\u00e4ftsf\u00fchrer Thomas Stemann \u00fcber etwas Erfreuliches berichten. Sank die Mitgliederzahl im Jahr 2000 unter die 200-Grenze, verzeichnet der Vorstand aktuell 307 Mitglieder. \u201eDas ist der Stand vom 1. Januar 2015, mittlerweile sind wir sogar schon dr\u00fcber\u201c, so Thomas Stemann.<\/span><\/p>\n<p style=\"margin-right: 0px; margin-bottom: 1.2em; margin-left: 0px; padding: 0px;\"><span style=\"line-height: normal; -webkit-text-size-adjust: auto; background-color: rgba(255, 255, 255, 0);\">Neben dem Aush\u00e4ngeschild Handball und der r\u00fchrigen Gymnastik-Abteilung um Christel Brinkmann hat der TSV die Vereinswelt mit neuen Gruppen belebt. So die Mutter-Kind-Gruppe, die sich immer dienstags um 16.30 Uhr in der Turnhalle der Pestalozzi-Schule trifft. Im September 2014 nahmen Jonny Richter und Heike Stemann an der ersten Fortbildung \u201eNordic Walking\u201c teil. \u201eUm eine Gruppe eigenst\u00e4ndig zu f\u00fchren, ben\u00f6tigt man einen weiteren Basiskursus und den Nordic-Walking-Instructor\u201c, so Thomas Stemann. Diese Kurse sind gebucht, so dass auch bald die neue Abteilung ins Leben gerufen werden kann. Zw\u00f6lf Paar Nordic-Walking-St\u00f6cke sind bereits gekauft.<\/span><\/p>\n<p style=\"margin-right: 0px; margin-bottom: 1.2em; margin-left: 0px; padding: 0px;\"><span style=\"line-height: normal; -webkit-text-size-adjust: auto; background-color: rgba(255, 255, 255, 0);\">Die in 2014 durchgef\u00fchrte Bildungsoffensive tr\u00e4gt Fr\u00fcchte. Die HSG verf\u00fcgt \u00fcber insgesamt acht lizenzierte Trainer und zuk\u00fcnftig auch \u201eNordic-Walking-Instructor\u201c. In diesem Jahr m\u00f6chte Sascha Simec, Trainer der ersten Herren-Mannschaft, eine HSG-Fortbildung zur Lizenzverl\u00e4ngerung anbieten.<\/span><\/p>\n<p style=\"margin-right: 0px; margin-bottom: 1.2em; margin-left: 0px; padding: 0px;\"><span style=\"line-height: normal; -webkit-text-size-adjust: auto; background-color: rgba(255, 255, 255, 0);\">Nach Ablehnung der Hallenutzungsgeb\u00fchren bestand im weiteren Verlauf der Tagung auch kein Anlass zur Beitragserh\u00f6hung. Allerdings wird der Vorstand in K\u00fcrze ein Gespr\u00e4ch mit den Verantwortlichen des TuS Oege suchen, um \u00fcber eine Beitragsanpassung zu sprechen.<\/span><\/p>\n<p style=\"margin-right: 0px; margin-bottom: 1.2em; margin-left: 0px; padding: 0px;\"><span style=\"line-height: normal; -webkit-text-size-adjust: auto; background-color: rgba(255, 255, 255, 0);\">Der Kassenbericht von Jan Richter wurde der Versammlung mit einer Power-Point-Pr\u00e4sentation visualisiert. Ebenso wie die Haushaltsplanung segneten die Mitglieder diesen ab.<\/span><\/p>\n<p style=\"margin-right: 0px; margin-bottom: 1.2em; margin-left: 0px; padding: 0px;\"><span style=\"line-height: normal; -webkit-text-size-adjust: auto; background-color: rgba(255, 255, 255, 0);\">Jonny Richter und Thomas Stemann wurden f\u00fcr zwei weitere Jahre in ihren \u00c4mtern best\u00e4tigt. Beisitzer sind Sebastian Marks, Frank Sch\u00fctte, Fabian Richter, Marc Handwerker, Ralf Schachulski, Sabrina Heider und Karl Borchers.<\/span><\/p>\n<p style=\"margin-right: 0px; margin-bottom: 1.2em; margin-left: 0px; padding: 0px;\"><span style=\"line-height: normal; -webkit-text-size-adjust: auto; background-color: rgba(255, 255, 255, 0);\">Zum Abschluss berichtete Alex Filippelli, sportlicher Leiter der HSG Hohenlimburg, \u00fcber die geplante Umfirmierung der HSG von einer Gbr zu einer gemeinn\u00fctzigen UG. Dar\u00fcber hat diese Zeitung bereits berichtet, da Filippelli das Vorhaben auch beim zweiten Tr\u00e4gerverein der HSG, dem TuS Oege, vorgetragen hat.<\/span><\/p>\n<p style=\"margin-right: 0px; margin-bottom: 1.2em; margin-left: 0px; padding: 0px;\"><span style=\"line-height: normal; -webkit-text-size-adjust: auto; background-color: rgba(255, 255, 255, 0);\">F\u00fcr langj\u00e4hrige Vereinstreue ehrte Jonny Richter Guido L\u00fcbke (25 Jahre) und Andr\u00e9 Vartmann (30 Jahre). Heike Walter (30 Jahre) und Barbara Heil (40 Jahre) waren nicht anwesend.<\/span><\/p>\n<\/div>\n","protected":false},"excerpt":{"rendered":"<p>Jahreshauptversammlung im Zehner Treff. Mutter-Kind-Gruppe hat sich gut etabliert. Jonny Richter weiter Vorsitzender Von&nbsp;Lutz Risse Reh.&nbsp;Viel zu tun gab es im abgelaufenen Gesch\u00e4ftsjahr beim TSV Germania Reh, Tr\u00e4gerverein der HSG Hohenlimburg. Das erlebten bzw.&#46;&#46;&#46;<\/p>\n","protected":false},"author":1,"featured_media":226,"comment_status":"closed","ping_status":"open","sticky":false,"template":"","format":"standard","meta":{"_jetpack_memberships_contains_paid_content":false,"footnotes":"","jetpack_publicize_message":"","jetpack_publicize_feature_enabled":true,"jetpack_social_post_already_shared":true,"jetpack_social_options":{"image_generator_settings":{"template":"highway","default_image_id":0,"font":"","enabled":false},"version":2}},"categories":[1],"tags":[],"class_list":["post-228","post","type-post","status-publish","format-standard","has-post-thumbnail","hentry","category-allgemein"],"jetpack_publicize_connections":[],"jetpack_featured_media_url":"https:\/\/i0.wp.com\/www.tsv-reh.de\/wp-content\/uploads\/2015\/03\/IMG_0008.png?fit=1681%2C778&ssl=1","jetpack_shortlink":"https:\/\/wp.me\/p8WhUB-3G","jetpack_sharing_enabled":true,"_links":{"self":[{"href":"https:\/\/www.tsv-reh.de\/index.php?rest_route=\/wp\/v2\/posts\/228","targetHints":{"allow":["GET"]}}],"collection":[{"href":"https:\/\/www.tsv-reh.de\/index.php?rest_route=\/wp\/v2\/posts"}],"about":[{"href":"https:\/\/www.tsv-reh.de\/index.php?rest_route=\/wp\/v2\/types\/post"}],"author":[{"embeddable":true,"href":"https:\/\/www.tsv-reh.de\/index.php?rest_route=\/wp\/v2\/users\/1"}],"replies":[{"embeddable":true,"href":"https:\/\/www.tsv-reh.de\/index.php?rest_route=%2Fwp%2Fv2%2Fcomments&post=228"}],"version-history":[{"count":1,"href":"https:\/\/www.tsv-reh.de\/index.php?rest_route=\/wp\/v2\/posts\/228\/revisions"}],"predecessor-version":[{"id":229,"href":"https:\/\/www.tsv-reh.de\/index.php?rest_route=\/wp\/v2\/posts\/228\/revisions\/229"}],"wp:featuredmedia":[{"embeddable":true,"href":"https:\/\/www.tsv-reh.de\/index.php?rest_route=\/wp\/v2\/media\/226"}],"wp:attachment":[{"href":"https:\/\/www.tsv-reh.de\/index.php?rest_route=%2Fwp%2Fv2%2Fmedia&parent=228"}],"wp:term":[{"taxonomy":"category","embeddable":true,"href":"https:\/\/www.tsv-reh.de\/index.php?rest_route=%2Fwp%2Fv2%2Fcategories&post=228"},{"taxonomy":"post_tag","embeddable":true,"href":"https:\/\/www.tsv-reh.de\/index.php?rest_route=%2Fwp%2Fv2%2Ftags&post=228"}],"curies":[{"name":"wp","href":"https:\/\/api.w.org\/{rel}","templated":true}]}}