{"id":261,"date":"2017-01-22T13:09:28","date_gmt":"2017-01-22T11:09:28","guid":{"rendered":"http:\/\/www.tsv-reh.de\/?p=261"},"modified":"2017-02-02T21:27:07","modified_gmt":"2017-02-02T19:27:07","slug":"jhv-findet-am-20-02-statt","status":"publish","type":"post","link":"https:\/\/www.tsv-reh.de\/?p=261","title":{"rendered":"JHV findet am 20.02. statt"},"content":{"rendered":"<p><a href=\"https:\/\/i0.wp.com\/tsv-germania-hohenlimburg-reh-1894-e-v.online.de\/TSVneu\/wp-content\/uploads\/2016\/01\/IMG_3416.jpg\"><img data-recalc-dims=\"1\" loading=\"lazy\" decoding=\"async\" class=\"alignnone size-large wp-image-239\" src=\"https:\/\/i0.wp.com\/tsv-germania-hohenlimburg-reh-1894-e-v.online.de\/TSVneu\/wp-content\/uploads\/2016\/01\/IMG_3416-1024x683.jpg?resize=1024%2C683\" alt=\"IMG_3416\" width=\"1024\" height=\"683\" \/><\/a><\/p>\n<p>Die diesj\u00e4hrige Jahreshauptversammlung findet am Montag den 20.02. um 19 Uhr statt. Dieses Jahr findet sie zum ersten mal bei unseren Freunden vom Schwimmverein (Freibad Henkhausen,\u00a0Hasselbach 30)\u00a0statt.<\/p>\n<p><strong>Tagesordnung<\/strong><\/p>\n<ol>\n<li><strong>Begr\u00fc\u00dfung und Gedenkminute<\/strong><\/li>\n<li><strong>Wahl eines Protokollf\u00fchrers<\/strong><strong>, <\/strong>nach \u00a712 der Satzung<\/li>\n<li><strong>Feststellung der ordnungsgem\u00e4\u00dfen Einberufung<\/strong><strong>, <\/strong>\u00a710 der Satzung<\/li>\n<li><strong>Antr\u00e4ge zur \u00c4nderung der Tagesordnung<\/strong><strong>,\u00a0<\/strong>\u00a711 der Satzung<\/li>\n<li><strong><strong><strong>Verlesung und Genehmigung des Protokolls der letzten JHV 2016<\/strong><\/strong><\/strong><\/li>\n<li><strong>Berichte zum Gesch\u00e4ftsjahr \u00a02016<\/strong><strong><br \/>\n<\/strong>&#8211;\u00a0 Gesch\u00e4ftsbericht<br \/>\n&#8211; \u00a0Abteilungsberichte<br \/>\n&#8211;\u00a0 Finanzbericht<\/li>\n<li><strong><strong><strong>Bericht der Kassenpr\u00fcfer<\/strong><\/strong><\/strong><\/li>\n<li><strong>Wahl eines Versammlungsleiters<\/strong><strong><br \/>\n<\/strong><\/li>\n<li><strong>Wahlen<\/strong> (Stimmberechtigt- Mitglieder ab 16 Jahren, \u00a7 11)<strong><br \/>\n<\/strong>a)\u00a0\u00a0\u00a0\u00a0\u00a0\u00a0\u00a0\u00a0\u00a0\u00a0\u00a0\u00a0 Vorsitzende\/ der<br \/>\nb)\u00a0\u00a0\u00a0\u00a0\u00a0\u00a0\u00a0\u00a0\u00a0\u00a0\u00a0\u00a0 Gesch\u00e4ftsf\u00fchrerin\/ er<br \/>\nc)\u00a0\u00a0\u00a0\u00a0\u00a0\u00a0\u00a0\u00a0\u00a0\u00a0\u00a0\u00a0\u00a0 Beisitzerin \/ er<br \/>\nd)\u00a0\u00a0\u00a0\u00a0\u00a0\u00a0\u00a0\u00a0\u00a0\u00a0\u00a0\u00a0 Kassenpr\u00fcferin\/er<\/li>\n<\/ol>\n<ol start=\"10\">\n<li><strong>Verschiedenes<\/strong><\/li>\n<\/ol>\n","protected":false},"excerpt":{"rendered":"<p>Die diesj\u00e4hrige Jahreshauptversammlung findet am Montag den 20.02. um 19 Uhr statt. Dieses Jahr findet sie zum ersten mal bei unseren Freunden vom Schwimmverein (Freibad Henkhausen,\u00a0Hasselbach 30)\u00a0statt. Tagesordnung Begr\u00fc\u00dfung und Gedenkminute Wahl eines Protokollf\u00fchrers,&#46;&#46;&#46;<\/p>\n","protected":false},"author":1,"featured_media":239,"comment_status":"closed","ping_status":"open","sticky":false,"template":"","format":"standard","meta":{"_jetpack_memberships_contains_paid_content":false,"footnotes":"","jetpack_publicize_message":"","jetpack_publicize_feature_enabled":true,"jetpack_social_post_already_shared":true,"jetpack_social_options":{"image_generator_settings":{"template":"highway","default_image_id":0,"font":"","enabled":false},"version":2}},"categories":[1],"tags":[],"class_list":["post-261","post","type-post","status-publish","format-standard","has-post-thumbnail","hentry","category-allgemein"],"jetpack_publicize_connections":[],"jetpack_featured_media_url":"https:\/\/i0.wp.com\/www.tsv-reh.de\/wp-content\/uploads\/2016\/01\/IMG_3416-e1617780505595.jpg?fit=2546%2C1671&ssl=1","jetpack_shortlink":"https:\/\/wp.me\/p8WhUB-4d","jetpack_sharing_enabled":true,"_links":{"self":[{"href":"https:\/\/www.tsv-reh.de\/index.php?rest_route=\/wp\/v2\/posts\/261","targetHints":{"allow":["GET"]}}],"collection":[{"href":"https:\/\/www.tsv-reh.de\/index.php?rest_route=\/wp\/v2\/posts"}],"about":[{"href":"https:\/\/www.tsv-reh.de\/index.php?rest_route=\/wp\/v2\/types\/post"}],"author":[{"embeddable":true,"href":"https:\/\/www.tsv-reh.de\/index.php?rest_route=\/wp\/v2\/users\/1"}],"replies":[{"embeddable":true,"href":"https:\/\/www.tsv-reh.de\/index.php?rest_route=%2Fwp%2Fv2%2Fcomments&post=261"}],"version-history":[{"count":5,"href":"https:\/\/www.tsv-reh.de\/index.php?rest_route=\/wp\/v2\/posts\/261\/revisions"}],"predecessor-version":[{"id":280,"href":"https:\/\/www.tsv-reh.de\/index.php?rest_route=\/wp\/v2\/posts\/261\/revisions\/280"}],"wp:featuredmedia":[{"embeddable":true,"href":"https:\/\/www.tsv-reh.de\/index.php?rest_route=\/wp\/v2\/media\/239"}],"wp:attachment":[{"href":"https:\/\/www.tsv-reh.de\/index.php?rest_route=%2Fwp%2Fv2%2Fmedia&parent=261"}],"wp:term":[{"taxonomy":"category","embeddable":true,"href":"https:\/\/www.tsv-reh.de\/index.php?rest_route=%2Fwp%2Fv2%2Fcategories&post=261"},{"taxonomy":"post_tag","embeddable":true,"href":"https:\/\/www.tsv-reh.de\/index.php?rest_route=%2Fwp%2Fv2%2Ftags&post=261"}],"curies":[{"name":"wp","href":"https:\/\/api.w.org\/{rel}","templated":true}]}}