{"id":44,"date":"2012-05-30T22:12:57","date_gmt":"2012-05-30T20:12:57","guid":{"rendered":"http:\/\/tsv-germania-hohenlimburg-reh-1894-e-v.online.de\/TSVneu\/?p=44"},"modified":"2014-01-30T22:14:11","modified_gmt":"2014-01-30T20:14:11","slug":"jahreshauptversammlung-2012","status":"publish","type":"post","link":"https:\/\/www.tsv-reh.de\/?p=44","title":{"rendered":"Jahreshauptversammlung 2012"},"content":{"rendered":"<p>Reh. Kurz und b\u00fcndig, aber trotzdem sehr konstruktiv verlief die Jahreshauptversammlung des TSV Germania Reh im \u201cZehner Treff\u201d.<\/p>\n<p>Der Vorsitzende Jonny Richter verwies in seinem Bericht auf die\u00a0 beliebten Wanderungen, Radtouren und die schon obligatorische \u201c\u20ac\u017eReher\u00a0 Nacht\u201d. Sein Stellvertreter Otto B\u00f6ringer stellte die sportlichen Erfolge der HSG in der Vordergrund, betonte ausdr\u00fccklich die gl\u00fcckliche Verbindung beider Stammvereine zu einer echten Gemeinschaft. Weiter\u00a0 machte er Jonny Richter ein Kompliment. \u201c\u20ac\u017eJonny regelt viele Dinge des\u00a0 Vereinslebens im Hintergrund. Alle Aufgaben, die er unverz\u00fcglich\u00a0 erledigt, werden von den weiteren Vorstandsmitgliedern unterst\u00fctzt.\u201d<\/p>\n<p>Dirk Betchen, Jugendwart der HSG, stellte die gute Jugendarbeit vor. Der Vorstand bedankte sich ausdr\u00fccklich bei Alex Filippelli, der sich\u00a0 unerm\u00fcdlichen um Spenden bem\u00fcht. Erfreulich entwickelt hat sich auch die Mitgliederzahl, die sich um 50 Neu-Reher auf jetzt 280 erh\u00f6hte.<\/p>\n<p>Die anstehenden Neuwahlen zum 2. Vorsitzenden (Otto B\u00f6ringer),\u00a0 Kassenwart (Jan Richter) und Kassenpr\u00fcfer (Norbert Waschk) verliefen\u00a0 reibungslos. Als Beisitzer fungieren Michael Rinke, Patrick Richter,\u00a0 Marcel Hoffmann und Christopher Richter.<\/p>\n<p>Geehrt wurden f\u00fcr 40 Jahre Mitgliedschaft beim TSV Germania Reh Joachim\u00a0 Marks, Liesel K\u00f6nigs und Renate Kahn. 50 Jahre: Rolf H\u00f6llerhage und\u00a0 Jonny Richter. Auf 60 Jahre Zugeh\u00f6rigkeit kann Otto Bornemann\u00a0 zur\u00fcckblicken.<\/p>\n<p>Unter Punkt Verschiedenes wurde das Thema \u201cHallennutzungsgeb\u00fchren der\u00a0 Stadt Hagen\u201d diskutiert. Hierzu hat sich SSB-Vorsitzender Dietmar\u00a0 Thieser bereits ge\u00e4u\u00dfert (unsere Zeitung berichtete im Hagener Teil).<\/p>\n<p>Von Heinz-Werner Schroth<\/p>\n","protected":false},"excerpt":{"rendered":"<p>Reh. Kurz und b\u00fcndig, aber trotzdem sehr konstruktiv verlief die Jahreshauptversammlung des TSV Germania Reh im \u201cZehner Treff\u201d. Der Vorsitzende Jonny Richter verwies in seinem Bericht auf die\u00a0 beliebten Wanderungen, Radtouren und die schon&#46;&#46;&#46;<\/p>\n","protected":false},"author":1,"featured_media":8,"comment_status":"open","ping_status":"open","sticky":false,"template":"","format":"standard","meta":{"_jetpack_memberships_contains_paid_content":false,"footnotes":"","jetpack_publicize_message":"","jetpack_publicize_feature_enabled":true,"jetpack_social_post_already_shared":true,"jetpack_social_options":{"image_generator_settings":{"template":"highway","default_image_id":0,"font":"","enabled":false},"version":2}},"categories":[1],"tags":[],"class_list":["post-44","post","type-post","status-publish","format-standard","has-post-thumbnail","hentry","category-allgemein"],"jetpack_publicize_connections":[],"jetpack_featured_media_url":"https:\/\/i0.wp.com\/www.tsv-reh.de\/wp-content\/uploads\/2014\/01\/47679787-1103-656x240.jpg?fit=656%2C240&ssl=1","jetpack_shortlink":"https:\/\/wp.me\/p8WhUB-I","jetpack_sharing_enabled":true,"_links":{"self":[{"href":"https:\/\/www.tsv-reh.de\/index.php?rest_route=\/wp\/v2\/posts\/44","targetHints":{"allow":["GET"]}}],"collection":[{"href":"https:\/\/www.tsv-reh.de\/index.php?rest_route=\/wp\/v2\/posts"}],"about":[{"href":"https:\/\/www.tsv-reh.de\/index.php?rest_route=\/wp\/v2\/types\/post"}],"author":[{"embeddable":true,"href":"https:\/\/www.tsv-reh.de\/index.php?rest_route=\/wp\/v2\/users\/1"}],"replies":[{"embeddable":true,"href":"https:\/\/www.tsv-reh.de\/index.php?rest_route=%2Fwp%2Fv2%2Fcomments&post=44"}],"version-history":[{"count":1,"href":"https:\/\/www.tsv-reh.de\/index.php?rest_route=\/wp\/v2\/posts\/44\/revisions"}],"predecessor-version":[{"id":45,"href":"https:\/\/www.tsv-reh.de\/index.php?rest_route=\/wp\/v2\/posts\/44\/revisions\/45"}],"wp:featuredmedia":[{"embeddable":true,"href":"https:\/\/www.tsv-reh.de\/index.php?rest_route=\/wp\/v2\/media\/8"}],"wp:attachment":[{"href":"https:\/\/www.tsv-reh.de\/index.php?rest_route=%2Fwp%2Fv2%2Fmedia&parent=44"}],"wp:term":[{"taxonomy":"category","embeddable":true,"href":"https:\/\/www.tsv-reh.de\/index.php?rest_route=%2Fwp%2Fv2%2Fcategories&post=44"},{"taxonomy":"post_tag","embeddable":true,"href":"https:\/\/www.tsv-reh.de\/index.php?rest_route=%2Fwp%2Fv2%2Ftags&post=44"}],"curies":[{"name":"wp","href":"https:\/\/api.w.org\/{rel}","templated":true}]}}