{"id":638,"date":"2025-03-16T15:14:39","date_gmt":"2025-03-16T13:14:39","guid":{"rendered":"https:\/\/www.tsv-reh.de\/?p=638"},"modified":"2025-04-09T05:38:12","modified_gmt":"2025-04-09T03:38:12","slug":"jahreshauptversammlung-2025-findet-am-09-04-statt","status":"publish","type":"post","link":"https:\/\/www.tsv-reh.de\/?p=638","title":{"rendered":"Jahreshauptversammlung 2025 findet am 09.04. statt"},"content":{"rendered":"<p>Die diesj\u00e4hrige JHV findet am 09.04. um 19 Uhr im ZehnerTreff am Kirchenbergstadion statt.<\/p>\n<p>Auf der Tagesordnung stehen dabei folgende Themen:<\/p>\n<ol>\n<li><strong>Er\u00f6ffnung und Begr\u00fc\u00dfung mit Totenehrung<\/strong><\/li>\n<li><strong>Wahl eines Protokollf\u00fchrers<\/strong><\/li>\n<li><strong>Antr\u00e4ge zur \u00c4nderung der Tagesordnung<\/strong><\/li>\n<li><strong>Vorlegung und Genehmigung des Protokolls JHV 2024<\/strong><\/li>\n<li><strong>Berichte zum Gesch\u00e4ftsjahr 2024<\/strong><br \/>\n&#8211;\u00a0 Gesch\u00e4ftsbericht &#8211; \u00a0Abteilungsberichte &#8211;\u00a0 Finanzbericht<\/li>\n<li><strong>Ehrungen<\/strong>\n<ol>\n<li>Andre Vartmann<\/li>\n<li>B\u00e4rbel Heil<\/li>\n<li>Fabian Richter<\/li>\n<li>Kevin Rinke<\/li>\n<li>Meike Rohloff<\/li>\n<\/ol>\n<\/li>\n<li><strong>Bericht der Kassenpr\u00fcfer<\/strong><\/li>\n<li><strong>Wahl eines Versammlungsleiters<\/strong><\/li>\n<li><strong>Wahlen\u00a0<\/strong>(Stimmberechtigt- Mitglieder ab 16 Jahren, \u00a7 11)\n<ol>\n<li><strong>1. Vorsitzende\/r<\/strong><\/li>\n<li><strong>Gesch\u00e4ftsf\u00fchrer\/in<\/strong><\/li>\n<li><strong>Beisitzer\/in<\/strong><\/li>\n<li><strong>Kassenpr\u00fcfer\/in<\/strong><\/li>\n<\/ol>\n<\/li>\n<li><strong>Verschiedenes<\/strong><\/li>\n<\/ol>\n<p>\u00dcber Dein Erscheinen w\u00fcrden wir uns sehr freuen.<\/p>\n<p>Mit sportlichen Gr\u00fc\u00dfen<\/p>\n<p>der Vorstand des TSV Germania Reh<\/p>\n<p>&nbsp;<\/p>\n","protected":false},"excerpt":{"rendered":"<p>Die diesj\u00e4hrige JHV findet am 09.04. um 19 Uhr im ZehnerTreff am Kirchenbergstadion statt. Auf der Tagesordnung stehen dabei folgende Themen: Er\u00f6ffnung und Begr\u00fc\u00dfung mit Totenehrung Wahl eines Protokollf\u00fchrers Antr\u00e4ge zur \u00c4nderung der Tagesordnung&#46;&#46;&#46;<\/p>\n","protected":false},"author":1,"featured_media":639,"comment_status":"closed","ping_status":"open","sticky":false,"template":"","format":"standard","meta":{"_jetpack_memberships_contains_paid_content":false,"footnotes":"","jetpack_publicize_message":"","jetpack_publicize_feature_enabled":true,"jetpack_social_post_already_shared":true,"jetpack_social_options":{"image_generator_settings":{"template":"highway","default_image_id":0,"font":"","enabled":false},"version":2}},"categories":[1],"tags":[],"class_list":["post-638","post","type-post","status-publish","format-standard","has-post-thumbnail","hentry","category-allgemein"],"jetpack_publicize_connections":[],"jetpack_featured_media_url":"https:\/\/i0.wp.com\/www.tsv-reh.de\/wp-content\/uploads\/2025\/03\/Bildschirmfoto-2025-03-16-um-14.13.58.png?fit=2200%2C1142&ssl=1","jetpack_shortlink":"https:\/\/wp.me\/p8WhUB-ai","jetpack_sharing_enabled":true,"_links":{"self":[{"href":"https:\/\/www.tsv-reh.de\/index.php?rest_route=\/wp\/v2\/posts\/638","targetHints":{"allow":["GET"]}}],"collection":[{"href":"https:\/\/www.tsv-reh.de\/index.php?rest_route=\/wp\/v2\/posts"}],"about":[{"href":"https:\/\/www.tsv-reh.de\/index.php?rest_route=\/wp\/v2\/types\/post"}],"author":[{"embeddable":true,"href":"https:\/\/www.tsv-reh.de\/index.php?rest_route=\/wp\/v2\/users\/1"}],"replies":[{"embeddable":true,"href":"https:\/\/www.tsv-reh.de\/index.php?rest_route=%2Fwp%2Fv2%2Fcomments&post=638"}],"version-history":[{"count":3,"href":"https:\/\/www.tsv-reh.de\/index.php?rest_route=\/wp\/v2\/posts\/638\/revisions"}],"predecessor-version":[{"id":647,"href":"https:\/\/www.tsv-reh.de\/index.php?rest_route=\/wp\/v2\/posts\/638\/revisions\/647"}],"wp:featuredmedia":[{"embeddable":true,"href":"https:\/\/www.tsv-reh.de\/index.php?rest_route=\/wp\/v2\/media\/639"}],"wp:attachment":[{"href":"https:\/\/www.tsv-reh.de\/index.php?rest_route=%2Fwp%2Fv2%2Fmedia&parent=638"}],"wp:term":[{"taxonomy":"category","embeddable":true,"href":"https:\/\/www.tsv-reh.de\/index.php?rest_route=%2Fwp%2Fv2%2Fcategories&post=638"},{"taxonomy":"post_tag","embeddable":true,"href":"https:\/\/www.tsv-reh.de\/index.php?rest_route=%2Fwp%2Fv2%2Ftags&post=638"}],"curies":[{"name":"wp","href":"https:\/\/api.w.org\/{rel}","templated":true}]}}